{"id":599,"date":"2022-03-09T03:07:27","date_gmt":"2022-03-09T03:07:27","guid":{"rendered":"https:\/\/pharmacare.cl\/?p=599"},"modified":"2022-03-09T03:09:51","modified_gmt":"2022-03-09T03:09:51","slug":"599","status":"publish","type":"post","link":"https:\/\/pharmacare.cl\/?p=599","title":{"rendered":""},"content":{"rendered":"<p>[vc_row css_animation=\u00bb\u00bb row_type=\u00bbrow\u00bb use_row_as_full_screen_section=\u00bbno\u00bb type=\u00bbfull_width\u00bb angled_section=\u00bbno\u00bb text_align=\u00bbleft\u00bb background_image_as_pattern=\u00bbwithout_pattern\u00bb css=\u00bb.vc_custom_1646795228004{padding-right: 80px !important;padding-left: 80px !important;}\u00bb z_index=\u00bb\u00bb][vc_column][vc_column_text]<\/p>\n<h3 style=\"text-align: center;\">Q.F. Jeanette Nazal, presidenta de la Sociedad Chilena de Qu\u00edmicos Cosm\u00e9ticos: \u00abLa clave del \u00e9xito hoy es la innovaci\u00f3n, los productos con sentido, que entreguen un plus al usuario final\u00bb<\/h3>\n<p>[\/vc_column_text][vc_empty_space][vc_single_image image=\u00bb566&#8243; img_size=\u00bbmedium\u00bb alignment=\u00bbcenter\u00bb qode_css_animation=\u00bb\u00bb][vc_empty_space][vc_column_text]<\/p>\n<p style=\"text-align: justify;\"><span style=\"color: #000000; font-size: large;\">Creada al alero del Colegio de Qu\u00edmicos Farmac\u00e9uticos en 1965, la Sociedad Chilena de Qu\u00edmicos Cosm\u00e9ticos ha participado del crecimiento sostenido que ha experimentado esta industria en el pa\u00eds, estableciendo lazos entre empresas complementarias y competidoras, con el fin de estar a la vanguardia de lo que acontece en el rubro a nivel internacional, tanto en materias primas, formulaciones y packaging.<\/span><\/p>\n<p style=\"text-align: justify;\"><span style=\"color: #000000; font-size: large;\">El actual directorio (2018-2019) est\u00e1 presidido por QF Jeanette Nazal, y lo componen Paulina L\u00f3pez, Luisa Castillo, Carolina Mu\u00f1oz, Mar\u00eda Isabel Grob y Ximena G\u00f3mez.<\/span><\/p>\n<p style=\"text-align: justify;\"><span style=\"color: #000000; font-size: large;\">Conversamos con su presidenta, QF Jeanette Nazal, sobre los objetivos y nuevos desaf\u00edos de esta entidad. \u00abTrabajamos en la industria cosm\u00e9tica en las \u00e1reas de desarrollo, venta y producci\u00f3n; no tenemos fines de lucro, solo cient\u00edficos\u00bb, explica.<\/span><\/p>\n<p style=\"text-align: justify;\"><strong><span style=\"color: #000000; font-size: large;\">&#8211; \u00bfCu\u00e1l es la situaci\u00f3n actual de la cosm\u00e9tica nacional?<\/span><\/strong><\/p>\n<p style=\"text-align: justify;\"><span style=\"color: #000000; font-size: large;\">&#8211; Hoy la empresa cosm\u00e9tica est\u00e1 pasando por un momento dif\u00edcil, ha sido un a\u00f1o complicado, la industria se estanc\u00f3, a pesar que hist\u00f3ricamente crec\u00eda de un 7% a un 8%, incluso en los a\u00f1os malos. Ha sido un a\u00f1o at\u00edpico, todos esper\u00e1bamos un repunte en la econom\u00eda, pero reci\u00e9n se est\u00e1 viendo. La demanda baj\u00f3, hab\u00eda mucha incertidumbre.<\/span><\/p>\n<p style=\"text-align: justify;\"><span style=\"color: #000000; font-size: large;\">Tambi\u00e9n ha sido un a\u00f1o complicado en el abastecimiento de materias primas, debido a cierres de plantas productivas en China y Asia por problemas ambientales, esto ha generado desabastecimiento de productos claves como siliconas y filtros, por nombrar algunos.<\/span><\/p>\n<p style=\"text-align: justify;\"><strong><span style=\"color: #000000; font-size: large;\">&#8211; \u00bfC\u00f3mo funciona hoy el mercado de los cosm\u00e9ticos para los emprendedores y pymes?<\/span><\/strong><\/p>\n<p style=\"text-align: justify;\"><span style=\"color: #000000; font-size: large;\">&#8211; Hemos visto que hay un trabajo que hacer desde el punto de vista legal, en el sentido de ayudarlos a que puedan cumplir con los requerimientos legales para lanzar sus productos al mercado.<\/span><\/p>\n<p style=\"text-align: justify;\"><span style=\"color: #000000; font-size: large;\">La legislaci\u00f3n actual obliga a que todos los productos cosm\u00e9ticos deban tener un registro aprobado por el Instituto de Salud P\u00fablica (ISP), y \u00e9ste debe ser presentado por un qu\u00edmico farmac\u00e9utico y pagar un registro de inscripci\u00f3n de alrededor de $ 500.000 por producto.<\/span><\/p>\n<p style=\"text-align: justify;\"><span style=\"color: #000000; font-size: large;\">Esto puede ser una limitante para las Pymes y los emprendedores, por eso como Sociedad queremos ayudarlos facilit\u00e1ndoles listados de qu\u00edmicos farmac\u00e9uticos que tengan precios razonables para hacer sus registros , entreg\u00e1ndoles informaci\u00f3n de proveedores que fraccionen las materias primas bajo condiciones adecuadas, para as\u00ed garantizar que los productos mantengan las condiciones apropiadas.<\/span><\/p>\n<p style=\"text-align: justify;\"><strong><span style=\"color: #000000; font-size: large;\">&#8211; Dadas estas altas tarifas no deben ser pocos los que presenten inconvenientes para registrarlos. \u00bfQu\u00e9 pasa si no hacen el tr\u00e1mite?<\/span><\/strong><\/p>\n<p style=\"text-align: justify;\"><span style=\"color: #000000; font-size: large;\">&#8211; Si un producto no ha sido registrado correctamente, o se est\u00e1 fabricando en un lugar que no cumpla las condiciones adecuadas, al aplicarse en la piel puede producir alguna alergia u otro problema, lo que va en contra de la salud. Lo que nosotros estamos planteando es trabajar en conjunto con las pymes y peque\u00f1os emprendedores, en un espacio donde tambi\u00e9n cabe el Colegio de Qu\u00edmicos Farmac\u00e9uticos.<\/span><\/p>\n<p style=\"text-align: justify;\"><span style=\"color: #000000; font-size: large;\">En este sentido, por un lado hay que denunciar a los que no est\u00e1n dentro de la ley porque nos perjudica a todos y, por otro, ayudarlos a que puedan cumplir con la reglamentaci\u00f3n vigente .<\/span><\/p>\n<p style=\"text-align: justify;\"><strong><span style=\"color: #000000; font-size: large;\">&#8211; \u00bfCu\u00e1les son aquellos puntos cr\u00edticos en lo que los emprendedores deben poner especial atenci\u00f3n?<\/span><\/strong><\/p>\n<p style=\"text-align: justify;\"><span style=\"color: #000000; font-size: large;\">&#8211; En primer lugar, tienen que preocuparse de que sus proveedores sean certificados, que tengan respaldo cient\u00edfico de lo que les est\u00e1n ofreciendo y que les entreguen todas las certificaciones de los productos. Hoy lo que est\u00e1 de moda son todos los productos que llevan sellos adicionales:\u00bbNo testeo en animales\u00bb, \u00ablibre de parabenos\u00bb, \u00ablibre de preservartes\u00bb etc. El \u00abLibre de&#8230;\u00bb es un plus y puede ser trabajado con los proveedores.<\/span><\/p>\n<p style=\"text-align: justify;\"><strong><span style=\"color: #000000; font-size: large;\">&#8211; \u00bfA qu\u00e9 otros problemas concretos se enfrentan los emprendedores?<\/span><\/strong><\/p>\n<p style=\"text-align: justify;\"><span style=\"color: #000000; font-size: large;\">&#8211; He visto que muchas empresas peque\u00f1as que le compran las materias primas a un distribuidor local que fraccionan los productos en lugares no autorizados, y por lo tanto la materia prima no est\u00e1 certificada desde el punto de vista de calidad. Ah\u00ed hay que tener mucho cuidado de que la persona o la empresa que est\u00e1 vendiendo est\u00e9n autorizadas para fraccionar y que al hacer este proceso las caracter\u00edsticas del producto se mantengan. Hay materias primas muy sensibles a la contaminaci\u00f3n, otras pueden perder su efectividad.<\/span><\/p>\n<p style=\"text-align: justify;\"><strong><span style=\"color: #000000; font-size: large;\">&#8211; \u00bfQu\u00e9 medidas est\u00e1n proyectando tomar como sociedad para ayudar a estos emprendedores?<\/span><\/strong><\/p>\n<p style=\"text-align: justify;\"><span style=\"color: #000000; font-size: large;\">&#8211; Nosotros estamos trabajando para apoyar a las pymes desde el punto de vista cient\u00edfico, con charlas t\u00e9cnico comerciales, charlas de marketing, packaging, mercadeo etc.<\/span><\/p>\n<p style=\"text-align: justify;\"><span style=\"color: #000000; font-size: large;\">Tambi\u00e9n las podemos orientar para que se contacten con profesionales que les dar\u00e1n el apoyo t\u00e9cnico en el desarrollo de formulaciones y registro del producto en el ISP.<\/span><\/p>\n<p style=\"text-align: justify;\"><span style=\"color: #000000; font-size: large;\">Otro apoyo que podemos dar es orientarlos hacia distribuidores y fabricantes de materias primas para que puedan desarrollar sus productos .<\/span><\/p>\n<p style=\"text-align: justify;\"><strong><span style=\"color: #000000; font-size: large;\">&#8211; \u00bfC\u00f3mo ve esta industria a futuro?<\/span><\/strong><\/p>\n<p style=\"text-align: justify;\"><span style=\"color: #000000; font-size: large;\">&#8211; Creo que la cosm\u00e9tica natural y las peque\u00f1as empresas deber\u00eda enfocarse en los nichos de mercado que se est\u00e1n abriendo. La clave del \u00e9xito hoy es la innovaci\u00f3n, los productos con sentido, que entreguen un plus al usuario final. No deben olvidar el packaging, ya que en esta industria los productos entran por la vista, y a veces eso puede hacer la diferencia. <\/span><\/p>\n<p>[\/vc_column_text][\/vc_column][\/vc_row][vc_row css_animation=\u00bb\u00bb row_type=\u00bbrow\u00bb use_row_as_full_screen_section=\u00bbno\u00bb type=\u00bbfull_width\u00bb angled_section=\u00bbno\u00bb text_align=\u00bbleft\u00bb background_image_as_pattern=\u00bbwithout_pattern\u00bb][vc_column][vc_column_text]<\/p>\n<p>[\/vc_column_text][\/vc_column][\/vc_row]<\/p>\n","protected":false},"excerpt":{"rendered":"<p>[vc_row css_animation=\u00bb\u00bb row_type=\u00bbrow\u00bb use_row_as_full_screen_section=\u00bbno\u00bb type=\u00bbfull_width\u00bb angled_section=\u00bbno\u00bb text_align=\u00bbleft\u00bb background_image_as_pattern=\u00bbwithout_pattern\u00bb css=\u00bb.vc_custom_1646795228004{padding-right: 80px !important;padding-left: 80px !important;}\u00bb z_index=\u00bb\u00bb][vc_column][vc_column_text] Q.F. Jeanette Nazal, presidenta de la Sociedad Chilena de Qu\u00edmicos Cosm\u00e9ticos: \u00abLa clave del \u00e9xito hoy es la innovaci\u00f3n, los productos con sentido, que entreguen un plus al usuario final\u00bb [\/vc_column_text][vc_empty_space][vc_single_image&#8230;<\/p>\n","protected":false},"author":1,"featured_media":0,"comment_status":"closed","ping_status":"closed","sticky":false,"template":"","format":"standard","meta":{"footnotes":""},"categories":[7],"tags":[],"class_list":["post-599","post","type-post","status-publish","format-standard","hentry","category-noticias"],"_links":{"self":[{"href":"https:\/\/pharmacare.cl\/index.php?rest_route=\/wp\/v2\/posts\/599","targetHints":{"allow":["GET"]}}],"collection":[{"href":"https:\/\/pharmacare.cl\/index.php?rest_route=\/wp\/v2\/posts"}],"about":[{"href":"https:\/\/pharmacare.cl\/index.php?rest_route=\/wp\/v2\/types\/post"}],"author":[{"embeddable":true,"href":"https:\/\/pharmacare.cl\/index.php?rest_route=\/wp\/v2\/users\/1"}],"replies":[{"embeddable":true,"href":"https:\/\/pharmacare.cl\/index.php?rest_route=%2Fwp%2Fv2%2Fcomments&post=599"}],"version-history":[{"count":3,"href":"https:\/\/pharmacare.cl\/index.php?rest_route=\/wp\/v2\/posts\/599\/revisions"}],"predecessor-version":[{"id":602,"href":"https:\/\/pharmacare.cl\/index.php?rest_route=\/wp\/v2\/posts\/599\/revisions\/602"}],"wp:attachment":[{"href":"https:\/\/pharmacare.cl\/index.php?rest_route=%2Fwp%2Fv2%2Fmedia&parent=599"}],"wp:term":[{"taxonomy":"category","embeddable":true,"href":"https:\/\/pharmacare.cl\/index.php?rest_route=%2Fwp%2Fv2%2Fcategories&post=599"},{"taxonomy":"post_tag","embeddable":true,"href":"https:\/\/pharmacare.cl\/index.php?rest_route=%2Fwp%2Fv2%2Ftags&post=599"}],"curies":[{"name":"wp","href":"https:\/\/api.w.org\/{rel}","templated":true}]}}